{"id":5879,"date":"2020-02-10T12:01:54","date_gmt":"2020-02-10T11:01:54","guid":{"rendered":"https:\/\/everest.al\/share-tirana-2020-international-architecture-and-engineering-forum\/"},"modified":"2020-04-23T12:33:41","modified_gmt":"2020-04-23T11:33:41","slug":"share-tirana-2020-forumi-nderkombetar-i-arkitektures-dhe-inxhinierise","status":"publish","type":"post","link":"https:\/\/www.everest.al\/sq\/share-tirana-2020-forumi-nderkombetar-i-arkitektures-dhe-inxhinierise\/","title":{"rendered":"Share Tirana 2020: Forumi Nd\u00ebrkomb\u00ebtar i Arkitektur\u00ebs dhe Inxhinieris\u00eb"},"content":{"rendered":"<p>Ne ju ftojm\u00eb me k\u00ebnaq\u00ebsi t\u00eb bashkoheni me ekipin ton\u00eb t\u00eb arkitekt\u00ebve n\u00eb k\u00ebt\u00eb ngjarje t\u00eb mahnitshme. P\u00ebr \u00e7do arkitekt, projektues apo nd\u00ebrtues ky \u00ebsht\u00eb vendi p\u00ebr t\u00eb qen\u00eb nes\u00ebr! Mos ngurroni t\u00eb kaloni pran\u00eb q\u00ebndrimit ton\u00eb dhe aktiviteteve tona n\u00eb k\u00ebt\u00eb ngjarje si partner\u00eb. Ne po ju presim \ud83d\ude09<\/p>\n","protected":false},"excerpt":{"rendered":"<p>Ne ju ftojm\u00eb me k\u00ebnaq\u00ebsi t\u00eb bashkoheni me ekipin ton\u00eb t\u00eb arkitekt\u00ebve n\u00eb k\u00ebt\u00eb ngjarje t\u00eb mahnitshme. P\u00ebr \u00e7do arkitekt, projektues apo nd\u00ebrtues ky \u00ebsht\u00eb vendi p\u00ebr t\u00eb qen\u00eb nes\u00ebr! Mos ngurroni t\u00eb kaloni pran\u00eb q\u00ebndrimit ton\u00eb dhe aktiviteteve tona n\u00eb k\u00ebt\u00eb ngjarje si partner\u00eb. Ne po ju presim \ud83d\ude09<\/p>\n","protected":false},"author":5,"featured_media":5882,"comment_status":"open","ping_status":"open","sticky":false,"template":"","format":"standard","meta":{"_et_pb_use_builder":"","_et_pb_old_content":"","_et_gb_content_width":"","footnotes":""},"categories":[35],"tags":[39,38,37],"class_list":["post-5879","post","type-post","status-publish","format-standard","has-post-thumbnail","hentry","category-evente","tag-architecture-sq","tag-engineering-sq","tag-everest-sq"],"_links":{"self":[{"href":"https:\/\/www.everest.al\/sq\/wp-json\/wp\/v2\/posts\/5879","targetHints":{"allow":["GET"]}}],"collection":[{"href":"https:\/\/www.everest.al\/sq\/wp-json\/wp\/v2\/posts"}],"about":[{"href":"https:\/\/www.everest.al\/sq\/wp-json\/wp\/v2\/types\/post"}],"author":[{"embeddable":true,"href":"https:\/\/www.everest.al\/sq\/wp-json\/wp\/v2\/users\/5"}],"replies":[{"embeddable":true,"href":"https:\/\/www.everest.al\/sq\/wp-json\/wp\/v2\/comments?post=5879"}],"version-history":[{"count":2,"href":"https:\/\/www.everest.al\/sq\/wp-json\/wp\/v2\/posts\/5879\/revisions"}],"predecessor-version":[{"id":5881,"href":"https:\/\/www.everest.al\/sq\/wp-json\/wp\/v2\/posts\/5879\/revisions\/5881"}],"wp:featuredmedia":[{"embeddable":true,"href":"https:\/\/www.everest.al\/sq\/wp-json\/wp\/v2\/media\/5882"}],"wp:attachment":[{"href":"https:\/\/www.everest.al\/sq\/wp-json\/wp\/v2\/media?parent=5879"}],"wp:term":[{"taxonomy":"category","embeddable":true,"href":"https:\/\/www.everest.al\/sq\/wp-json\/wp\/v2\/categories?post=5879"},{"taxonomy":"post_tag","embeddable":true,"href":"https:\/\/www.everest.al\/sq\/wp-json\/wp\/v2\/tags?post=5879"}],"curies":[{"name":"wp","href":"https:\/\/api.w.org\/{rel}","templated":true}]}}